{"id":563,"date":"2025-07-06T16:56:13","date_gmt":"2025-07-06T16:56:13","guid":{"rendered":"https:\/\/rugidomagico.com\/?p=563"},"modified":"2025-12-10T16:36:49","modified_gmt":"2025-12-10T16:36:49","slug":"how-ana-helena-chacon-inspired-sophia-in-my-book-the-tiger-trilogy-the-songs-of-sophia","status":"publish","type":"post","link":"https:\/\/rugidomagico.com\/pt\/how-ana-helena-chacon-inspired-sophia-in-my-book-the-tiger-trilogy-the-songs-of-sophia\/","title":{"rendered":"Como Ana Helena Chac\u00f3n inspirou Sophia em meu livro \"The Tiger Trilogy: As Can\u00e7\u00f5es de Sophia\""},"content":{"rendered":"<figure class=\"wp-block-image size-large\"><img loading=\"lazy\" decoding=\"async\" width=\"1024\" height=\"576\" src=\"https:\/\/rugidomagico.com\/wp-content\/uploads\/2025\/07\/IMG_4063-1024x576.jpg\" alt=\"\" class=\"wp-image-564\" srcset=\"https:\/\/rugidomagico.com\/wp-content\/uploads\/2025\/07\/IMG_4063-1024x576.jpg 1024w, https:\/\/rugidomagico.com\/wp-content\/uploads\/2025\/07\/IMG_4063-300x169.jpg 300w, https:\/\/rugidomagico.com\/wp-content\/uploads\/2025\/07\/IMG_4063-768x432.jpg 768w, https:\/\/rugidomagico.com\/wp-content\/uploads\/2025\/07\/IMG_4063-1536x864.jpg 1536w, https:\/\/rugidomagico.com\/wp-content\/uploads\/2025\/07\/IMG_4063-2048x1152.jpg 2048w, https:\/\/rugidomagico.com\/wp-content\/uploads\/2025\/07\/IMG_4063-18x10.jpg 18w\" sizes=\"auto, (max-width: 1024px) 100vw, 1024px\" \/><\/figure>\n\n\n\n<p>Quando comecei a escrever \"The Tiger Trilogy: The Songs of Sophia\", eu sabia que queria criar uma personagem que personificasse a sabedoria, a compaix\u00e3o e a determina\u00e7\u00e3o feroz de lutar contra a injusti\u00e7a. Uma das pessoas em quem encontrei essa inspira\u00e7\u00e3o foi Ana Helena Chac\u00f3n Echeverr\u00eda, cuja extraordin\u00e1ria hist\u00f3ria de vida se tornou uma das for\u00e7as motrizes por tr\u00e1s da personagem Sophia em meu livro. Eu a conheci em 2018, quando ela era vice-presidente da Costa Rica.<\/p>\n\n\n\n<h2 class=\"wp-block-heading\"><strong>Conhecendo uma for\u00e7a de mudan\u00e7a na vida real<\/strong><\/h2>\n\n\n\n<p>A hist\u00f3ria de Ana Helena chamou minha aten\u00e7\u00e3o pela primeira vez por meio de seu trabalho inovador com a Oxford Poverty and Human Development Initiative (OPHI). Mas, ao saber mais sobre sua jornada, descobri algo muito mais profundo do que a inova\u00e7\u00e3o em pol\u00edticas - encontrei uma mulher cuja trag\u00e9dia pessoal se transformou em um movimento global por justi\u00e7a.<\/p>\n\n\n\n<p>O ativismo de Ana Helena come\u00e7ou da maneira mais pessoal poss\u00edvel. Quando sua filha mais nova nasceu com s\u00edndrome de Down, ela vivenciou em primeira m\u00e3o a discrimina\u00e7\u00e3o e as barreiras enfrentadas pelas fam\u00edlias com filhos deficientes. Como ela disse ao Washington Blade, \"comecei a lutar contra a discrimina\u00e7\u00e3o de pessoas com defici\u00eancia, especialmente de pessoas com defici\u00eancia intelectual. Depois, comecei a lutar por outros direitos humanos que estavam sendo violados.\"<\/p>\n\n\n\n<p>Isso ressoou profundamente em mim quando criei Sophia - uma personagem que aparece em meu livro como algu\u00e9m que \"estava chorando\" e \"estava t\u00e3o triste\", mas que se torna uma poderosa for\u00e7a de transforma\u00e7\u00e3o. Assim como Ana Helena, a dor da Sophia liter\u00e1ria se torna sua for\u00e7a.<\/p>\n\n\n\n<h2 class=\"wp-block-heading\"><strong>Da dor pessoal \u00e0 mudan\u00e7a revolucion\u00e1ria<\/strong><\/h2>\n\n\n\n<p>O que mais me impressionou na hist\u00f3ria de Ana Helena foi como ela canalizou sua experi\u00eancia pessoal para a mudan\u00e7a sist\u00eamica. Muito antes de entrar para a pol\u00edtica, ela ajudou a criar a primeira organiza\u00e7\u00e3o n\u00e3o governamental da Costa Rica para pessoas com s\u00edndrome de Down e, mais tarde, estabeleceu uma ONG interamericana para pessoas com defici\u00eancia.<\/p>\n\n\n\n<p>Sua abordagem era revolucion\u00e1ria: em vez de se concentrar nas limita\u00e7\u00f5es, ela enfatizava as possibilidades e a dignidade. \"N\u00e3o nos concentramos no que eles n\u00e3o podem fazer\", explicou ela sobre suas pr\u00e1ticas de emprego. \"O que dizemos ao empregador \u00e9 o que ele pode fazer - 'Ele \u00e9 muito bom em rela\u00e7\u00f5es p\u00fablicas' - e n\u00e3o o que ele n\u00e3o pode fazer. \u00c9 uma maneira diferente de ver a defici\u00eancia.\"<\/p>\n\n\n\n<p>Essa filosofia de ver o potencial em vez dos d\u00e9ficits tornou-se fundamental para a forma como concebi Sophia em meu livro - como uma figura que ajuda os outros a ver al\u00e9m das apar\u00eancias superficiais para reconhecer o valor e a possibilidade inerentes a cada ser.<\/p>\n\n\n\n<h2 class=\"wp-block-heading\"><strong>Um l\u00edder pol\u00edtico com prop\u00f3sito<\/strong><\/h2>\n\n\n\n<p>Quando Ana Helena atuou como segunda vice-presidente da Costa Rica de 2014 a 2018, seu estilo de lideran\u00e7a permaneceu profundamente enraizado em sua experi\u00eancia pessoal. Em seu pr\u00f3prio escrit\u00f3rio, ela empregou ativamente pessoas com defici\u00eancia, garantindo que quatro dos nove membros de sua equipe tivessem v\u00e1rias defici\u00eancias, incluindo um advogado de direitos humanos em cadeira de rodas, um colega cego e algu\u00e9m com s\u00edndrome de Asperger.<\/p>\n\n\n\n<p>Esse compromisso com o que se fala inspirou a forma como escrevi sobre as intera\u00e7\u00f5es de Sophia com o poderoso tigre e a delicada borboleta em minha hist\u00f3ria. Assim como Ana Helena, Sophia cria espa\u00e7o para todas as vozes e reconhece que a verdadeira for\u00e7a vem da inclus\u00e3o, n\u00e3o da exclus\u00e3o.<\/p>\n\n\n\n<h2 class=\"wp-block-heading\"><strong>Revolucionando a forma como vemos a pobreza<\/strong><\/h2>\n\n\n\n<p>Talvez a contribui\u00e7\u00e3o mais transformadora de Ana Helena - e a que mais diretamente influenciou meu texto - tenha ocorrido por meio de seu trabalho pioneiro com a medi\u00e7\u00e3o da pobreza multidimensional. Como vice-presidente, ela levou a Costa Rica a se tornar o pa\u00eds mais r\u00e1pido do mundo a desenvolver e implementar um \u00cdndice de Pobreza Multidimensional (MPI) nacional.<\/p>\n\n\n\n<p>O avan\u00e7o foi tanto t\u00e9cnico quanto filos\u00f3fico. Em vez de medir a pobreza apenas pela renda, a abordagem de Ana Helena reconheceu que a pobreza engloba educa\u00e7\u00e3o, sa\u00fade, padr\u00f5es de vida e dignidade humana. Sob sua lideran\u00e7a, a taxa de pobreza da Costa Rica diminuiu de 21,7% em 2014 para 18,8% em 2017.<\/p>\n\n\n\n<p>Essa maneira revolucion\u00e1ria de \"contar\" e medir a experi\u00eancia humana tornou-se um tema central na se\u00e7\u00e3o \"The Songs of Sophia\" do meu livro. Nos poemas, Sophia usa n\u00fameros e contagens n\u00e3o como estat\u00edsticas frias, mas como ferramentas de compaix\u00e3o - ajudando \"os ricos a ver os pobres\" e criando entendimento entre mundos diferentes.<\/p>\n\n\n\n<h2 class=\"wp-block-heading\"><strong>Tradu\u00e7\u00e3o liter\u00e1ria de impacto real<\/strong><\/h2>\n\n\n\n<p>Em meu livro, escrevi:<\/p>\n\n\n\n<p>\"O n\u00famero que Sophia conta<br>Isso mostra uma imagem v\u00edvida<br>Para que os ricos vejam os pobres,<br>Isso significa que h\u00e1 muito a ser feito<br>E muitas maneiras de ajudar\".<\/p>\n\n\n\n<p>Essas linhas foram diretamente inspiradas pelo trabalho de Ana Helena no desenvolvimento de ferramentas de medi\u00e7\u00e3o que tornam a pobreza vis\u00edvel e acion\u00e1vel para os formuladores de pol\u00edticas em todo o mundo. Assim como a literata Sophia une mundos diferentes por meio da compreens\u00e3o, Ana Helena passou sua carreira construindo pontes entre a pol\u00edtica e a experi\u00eancia humana.<\/p>\n\n\n\n<p>Os temas de forma\u00e7\u00e3o de alian\u00e7as que aparecem em meu livro tamb\u00e9m refletem a abordagem de Ana Helena no mundo real. Ela sempre criou parcerias - entre o governo e o setor privado, entre ricos e pobres, entre os poderosos e os marginalizados. Em minha hist\u00f3ria, isso se torna a alian\u00e7a entre o tigre e a borboleta, unidos em seus cuidados com Sophia e em seu compromisso de proteger os vulner\u00e1veis.<\/p>\n\n\n\n<h2 class=\"wp-block-heading\"><strong>Da inspira\u00e7\u00e3o ao reconhecimento<\/strong><\/h2>\n\n\n\n<p>O impacto de Ana Helena se estende muito al\u00e9m da Costa Rica. Atualmente, ela atua como Assessora S\u00eanior de Pol\u00edticas P\u00fablicas e Rela\u00e7\u00f5es Internacionais da OPHI, onde lidera programas educacionais para funcion\u00e1rios de alto n\u00edvel na Am\u00e9rica Latina e no Caribe. Ela det\u00e9m o t\u00edtulo honor\u00e1rio de Embaixadora Inaugural do MPI, em reconhecimento \u00e0 sua excepcional lideran\u00e7a no posicionamento da medi\u00e7\u00e3o da pobreza multidimensional como uma ferramenta de pol\u00edtica global.<\/p>\n\n\n\n<p>Quando escrevi sobre Sophia como uma figura que \"retorna repetidamente, contando repetidamente para que todos vejam o progresso\", estava pensando em l\u00edderes como Ana Helena, que dedicam suas vidas a um trabalho cont\u00ednuo e paciente pela justi\u00e7a.<\/p>\n\n\n\n<h2 class=\"wp-block-heading\"><strong>Por que essa hist\u00f3ria \u00e9 importante<\/strong><\/h2>\n\n\n\n<p>Inclu\u00ed Ana Helena Chac\u00f3n com destaque na dedicat\u00f3ria do meu livro porque sua hist\u00f3ria incorpora o tipo de sabedoria e compaix\u00e3o que eu queria capturar na personagem de Sophia. Ela nos mostra como a experi\u00eancia pessoal, quando canalizada por meio de coragem e vis\u00e3o, pode criar mudan\u00e7as transformadoras que beneficiam milh\u00f5es de pessoas.<\/p>\n\n\n\n<p>Sua jornada desde a defesa dos direitos de sua filha at\u00e9 a revolu\u00e7\u00e3o da medi\u00e7\u00e3o da pobreza global demonstra que as mudan\u00e7as mais poderosas geralmente come\u00e7am com as lutas mais pessoais. Assim como Sophia em meu livro, Ana Helena nos ensina que a verdadeira sabedoria n\u00e3o vem de evitar a dor, mas de transform\u00e1-la em uma for\u00e7a para curar os outros.<\/p>\n\n\n\n<h2 class=\"wp-block-heading\"><strong>Continuando a miss\u00e3o<\/strong><\/h2>\n\n\n\n<p>Cinco por cento dos lucros da \"The Tiger Trilogy: The Songs of Sophia\" v\u00e3o para Sophia Oxford - para apoiar o trabalho para acabar com a pobreza multidimensional.&nbsp;<\/p>\n\n\n\n<p>Para Sophia, eu estava me inspirando diretamente no exemplo de Ana Helena Chac\u00f3n - uma figura do mundo real que nos mostra que a sabedoria, quando combinada com a a\u00e7\u00e3o, pode de fato mudar o mundo.<\/p>\n\n\n\n<hr class=\"wp-block-separator has-alpha-channel-opacity\"\/>\n\n\n\n<p><em>\"A Trilogia do Tigre: The Songs of Sophia\" est\u00e1 dispon\u00edvel na editora Rugido M\u00e1gico, com ilustra\u00e7\u00f5es de Lina Cabrera e tradu\u00e7\u00e3o para o espanhol de Viviane Lazard Sobral. Para saber mais, acesse RugidoMagico.com.<\/em><\/p>\n\n\n\n<p><\/p>","protected":false},"excerpt":{"rendered":"<p>When I began writing &#8220;The Tiger Trilogy: The Songs of Sophia,&#8221; I knew I wanted to create a character who embodied wisdom, compassion, and the fierce determination to fight injustice. One of the people that I found that inspiration in was Ana Helena Chac\u00f3n Echeverr\u00eda, whose extraordinary life story became one of the driving forces&hellip;&nbsp;<a href=\"https:\/\/rugidomagico.com\/pt\/how-ana-helena-chacon-inspired-sophia-in-my-book-the-tiger-trilogy-the-songs-of-sophia\/\" rel=\"bookmark\">Continue lendo \u00bb<span class=\"screen-reader-text\">Como Ana Helena Chac\u00f3n inspirou Sophia em meu livro \"The Tiger Trilogy: As Can\u00e7\u00f5es de Sophia\"<\/span><\/a><\/p>","protected":false},"author":3,"featured_media":564,"comment_status":"closed","ping_status":"open","sticky":false,"template":"","format":"standard","meta":{"neve_meta_sidebar":"","neve_meta_container":"","neve_meta_enable_content_width":"","neve_meta_content_width":0,"neve_meta_title_alignment":"","neve_meta_author_avatar":"","neve_post_elements_order":"[\"title\",\"meta\",\"content\",\"tags\",\"comments\"]","neve_meta_disable_header":"","neve_meta_disable_footer":"","neve_meta_disable_title":"","footnotes":""},"categories":[1],"tags":[],"class_list":["post-563","post","type-post","status-publish","format-standard","has-post-thumbnail","hentry","category-uncategorized"],"_links":{"self":[{"href":"https:\/\/rugidomagico.com\/pt\/wp-json\/wp\/v2\/posts\/563","targetHints":{"allow":["GET"]}}],"collection":[{"href":"https:\/\/rugidomagico.com\/pt\/wp-json\/wp\/v2\/posts"}],"about":[{"href":"https:\/\/rugidomagico.com\/pt\/wp-json\/wp\/v2\/types\/post"}],"author":[{"embeddable":true,"href":"https:\/\/rugidomagico.com\/pt\/wp-json\/wp\/v2\/users\/3"}],"replies":[{"embeddable":true,"href":"https:\/\/rugidomagico.com\/pt\/wp-json\/wp\/v2\/comments?post=563"}],"version-history":[{"count":1,"href":"https:\/\/rugidomagico.com\/pt\/wp-json\/wp\/v2\/posts\/563\/revisions"}],"predecessor-version":[{"id":565,"href":"https:\/\/rugidomagico.com\/pt\/wp-json\/wp\/v2\/posts\/563\/revisions\/565"}],"wp:featuredmedia":[{"embeddable":true,"href":"https:\/\/rugidomagico.com\/pt\/wp-json\/wp\/v2\/media\/564"}],"wp:attachment":[{"href":"https:\/\/rugidomagico.com\/pt\/wp-json\/wp\/v2\/media?parent=563"}],"wp:term":[{"taxonomy":"category","embeddable":true,"href":"https:\/\/rugidomagico.com\/pt\/wp-json\/wp\/v2\/categories?post=563"},{"taxonomy":"post_tag","embeddable":true,"href":"https:\/\/rugidomagico.com\/pt\/wp-json\/wp\/v2\/tags?post=563"}],"curies":[{"name":"wp","href":"https:\/\/api.w.org\/{rel}","templated":true}]}}