{"id":563,"date":"2025-07-06T16:56:13","date_gmt":"2025-07-06T16:56:13","guid":{"rendered":"https:\/\/rugidomagico.com\/?p=563"},"modified":"2025-12-10T16:36:49","modified_gmt":"2025-12-10T16:36:49","slug":"how-ana-helena-chacon-inspired-sophia-in-my-book-the-tiger-trilogy-the-songs-of-sophia","status":"publish","type":"post","link":"https:\/\/rugidomagico.com\/es\/how-ana-helena-chacon-inspired-sophia-in-my-book-the-tiger-trilogy-the-songs-of-sophia\/","title":{"rendered":"C\u00f3mo Ana Helena Chac\u00f3n inspir\u00f3 a Sophia en mi libro \"La Trilog\u00eda del Tigre: Las canciones de Sof\u00eda\""},"content":{"rendered":"<figure class=\"wp-block-image size-large\"><img loading=\"lazy\" decoding=\"async\" width=\"1024\" height=\"576\" src=\"https:\/\/rugidomagico.com\/wp-content\/uploads\/2025\/07\/IMG_4063-1024x576.jpg\" alt=\"\" class=\"wp-image-564\" srcset=\"https:\/\/rugidomagico.com\/wp-content\/uploads\/2025\/07\/IMG_4063-1024x576.jpg 1024w, https:\/\/rugidomagico.com\/wp-content\/uploads\/2025\/07\/IMG_4063-300x169.jpg 300w, https:\/\/rugidomagico.com\/wp-content\/uploads\/2025\/07\/IMG_4063-768x432.jpg 768w, https:\/\/rugidomagico.com\/wp-content\/uploads\/2025\/07\/IMG_4063-1536x864.jpg 1536w, https:\/\/rugidomagico.com\/wp-content\/uploads\/2025\/07\/IMG_4063-2048x1152.jpg 2048w, https:\/\/rugidomagico.com\/wp-content\/uploads\/2025\/07\/IMG_4063-18x10.jpg 18w\" sizes=\"auto, (max-width: 1024px) 100vw, 1024px\" \/><\/figure>\n\n\n\n<p>Cuando empec\u00e9 a escribir \"La trilog\u00eda del tigre: Las canciones de Sof\u00eda\", sab\u00eda que quer\u00eda crear un personaje que encarnara la sabidur\u00eda, la compasi\u00f3n y la feroz determinaci\u00f3n de luchar contra la injusticia. Una de las personas en las que encontr\u00e9 esa inspiraci\u00f3n fue Ana Helena Chac\u00f3n Echeverr\u00eda, cuya extraordinaria historia de vida se convirti\u00f3 en uno de los motores del personaje de Sophia en mi libro. La conoc\u00ed por primera vez en 2018, cuando era Vicepresidenta de Costa Rica.<\/p>\n\n\n\n<h2 class=\"wp-block-heading\"><strong>Encuentro con una fuerza de cambio real<\/strong><\/h2>\n\n\n\n<p>La historia de Ana Helena capt\u00f3 mi atenci\u00f3n por primera vez a trav\u00e9s de su trabajo pionero con la Iniciativa de Oxford sobre Pobreza y Desarrollo Humano (OPHI). Pero a medida que iba conociendo mejor su trayectoria, descubr\u00ed algo mucho m\u00e1s profundo que la innovaci\u00f3n pol\u00edtica: encontr\u00e9 a una mujer cuya tragedia personal se hab\u00eda transformado en un movimiento mundial por la justicia.<\/p>\n\n\n\n<p>El activismo de Ana Helena comenz\u00f3 de la forma m\u00e1s personal posible. Cuando naci\u00f3 su hija menor con s\u00edndrome de Down, experiment\u00f3 en carne propia la discriminaci\u00f3n y las barreras a las que se enfrentan las familias con hijos discapacitados. Como declar\u00f3 al Washington Blade: \"Empec\u00e9 una lucha contra la discriminaci\u00f3n de las personas con discapacidad, especialmente de las personas con discapacidad intelectual. Luego empec\u00e9 a luchar por otros derechos humanos que estaban siendo violados\".<\/p>\n\n\n\n<p>Esto reson\u00f3 profundamente en m\u00ed cuando cre\u00e9 a Sophia, un personaje que aparece a lo largo de mi libro como alguien que \"ha estado llorando\" y \"ha estado muy triste\", pero que se convierte en una poderosa fuerza de transformaci\u00f3n. Como Ana Helena, el dolor de la Sophia literaria se convierte en su fuerza.<\/p>\n\n\n\n<h2 class=\"wp-block-heading\"><strong>Del dolor personal al cambio revolucionario<\/strong><\/h2>\n\n\n\n<p>Lo que m\u00e1s me impresion\u00f3 de la historia de Ana Helena fue c\u00f3mo canaliz\u00f3 su experiencia personal hacia el cambio sist\u00e9mico. Mucho antes de entrar en pol\u00edtica, ayud\u00f3 a crear la primera organizaci\u00f3n no gubernamental de Costa Rica para personas con s\u00edndrome de Down y m\u00e1s tarde estableci\u00f3 una ONG interamericana para personas con discapacidad.<\/p>\n\n\n\n<p>Su enfoque era revolucionario: en lugar de centrarse en las limitaciones, hac\u00eda hincapi\u00e9 en las posibilidades y la dignidad. \"No nos centramos en lo que no pueden hacer\", explica sobre sus pr\u00e1cticas de empleo. \"Lo que decimos al empresario es lo que pueden hacer -'Es muy bueno en relaciones p\u00fablicas'-, no lo que no pueden hacer. Es otra forma de ver la discapacidad\".<\/p>\n\n\n\n<p>Esta filosof\u00eda de ver el potencial en lugar de los d\u00e9ficits se convirti\u00f3 en el eje de la forma en que conceb\u00ed a Sophia en mi libro: como una figura que ayuda a los dem\u00e1s a ver m\u00e1s all\u00e1 de las apariencias superficiales para reconocer el valor y la posibilidad inherentes a cada ser.<\/p>\n\n\n\n<h2 class=\"wp-block-heading\"><strong>Un l\u00edder pol\u00edtico con prop\u00f3sito<\/strong><\/h2>\n\n\n\n<p>Cuando Ana Helena ocup\u00f3 la Vicepresidencia Segunda de Costa Rica entre 2014 y 2018, su estilo de liderazgo sigui\u00f3 estando profundamente arraigado en su experiencia personal. En su propia oficina, contrat\u00f3 activamente a personas con discapacidad, asegur\u00e1ndose de que cuatro de los nueve miembros de su personal tuvieran diversas discapacidades, entre ellos un abogado de derechos humanos en silla de ruedas, un colega ciego y alguien con s\u00edndrome de Asperger.<\/p>\n\n\n\n<p>Este compromiso me inspir\u00f3 para escribir sobre las interacciones de Sof\u00eda con el poderoso tigre y la delicada mariposa de mi historia. Al igual que Ana Helena, Sophia da cabida a todas las voces y reconoce que la verdadera fuerza proviene de la inclusi\u00f3n, no de la exclusi\u00f3n.<\/p>\n\n\n\n<h2 class=\"wp-block-heading\"><strong>Revolucionar la visi\u00f3n de la pobreza<\/strong><\/h2>\n\n\n\n<p>Tal vez la contribuci\u00f3n m\u00e1s transformadora de Ana Helena -y la que m\u00e1s directamente influy\u00f3 en mis escritos- fue su labor pionera en la medici\u00f3n de la pobreza multidimensional. Como Vicepresidenta, llev\u00f3 a Costa Rica a convertirse en el pa\u00eds del mundo que m\u00e1s r\u00e1pidamente desarroll\u00f3 y aplic\u00f3 un \u00cdndice de Pobreza Multidimensional (IPM) nacional.<\/p>\n\n\n\n<p>El avance fue tanto t\u00e9cnico como filos\u00f3fico. En lugar de medir la pobreza \u00fanicamente a trav\u00e9s de los ingresos, el enfoque de Ana Helena reconoci\u00f3 que la pobreza abarca la educaci\u00f3n, la salud, el nivel de vida y la dignidad humana. Bajo su liderazgo, la tasa de pobreza de Costa Rica se redujo de 21,7% en 2014 a 18,8% en 2017.<\/p>\n\n\n\n<p>Esta revolucionaria forma de \"contar\" y medir la experiencia humana se convirti\u00f3 en un tema central de la secci\u00f3n \"Las canciones de Sophia\" de mi libro. En los poemas, Sophia utiliza los n\u00fameros y el recuento no como fr\u00edas estad\u00edsticas, sino como herramientas de compasi\u00f3n, ayudando \"a los ricos a ver a los pobres\" y creando entendimiento entre mundos diferentes.<\/p>\n\n\n\n<h2 class=\"wp-block-heading\"><strong>Traducci\u00f3n literaria de impacto real<\/strong><\/h2>\n\n\n\n<p>En mi libro, escrib\u00ed:<\/p>\n\n\n\n<p>\"El n\u00famero que cuenta Sophia<br>Eso pinta un cuadro v\u00edvido<br>Para que los ricos vean a los pobres,<br>Eso dice que hay mucho que hacer<br>Y muchas formas de ayudar\".<\/p>\n\n\n\n<p>Estas l\u00edneas se inspiran directamente en el trabajo de Ana Helena en el desarrollo de herramientas de medici\u00f3n que hacen que la pobreza sea visible y accionable para los responsables pol\u00edticos de todo el mundo. Al igual que la Sophia literaria une mundos diferentes a trav\u00e9s del entendimiento, Ana Helena ha dedicado su carrera a tender puentes entre la pol\u00edtica y la experiencia humana.<\/p>\n\n\n\n<p>Los temas de la creaci\u00f3n de alianzas que aparecen a lo largo de mi libro tambi\u00e9n reflejan el enfoque del mundo real de Ana Helena. Ella siempre cre\u00f3 alianzas entre el gobierno y el sector privado, entre ricos y pobres, entre poderosos y marginados. En mi historia, esto se convierte en la alianza entre el tigre y la mariposa, unidos en su cuidado de Sof\u00eda y su compromiso de proteger a los vulnerables.<\/p>\n\n\n\n<h2 class=\"wp-block-heading\"><strong>De la inspiraci\u00f3n al reconocimiento<\/strong><\/h2>\n\n\n\n<p>El impacto de Ana Helena va mucho m\u00e1s all\u00e1 de Costa Rica. Actualmente es Asesora Principal de Pol\u00edticas P\u00fablicas y Relaciones Internacionales en OPHI, donde dirige programas educativos para funcionarios de alto nivel en toda Am\u00e9rica Latina y el Caribe. Posee el t\u00edtulo honor\u00edfico de Embajadora Inaugural del IPM, en reconocimiento a su excepcional liderazgo en el posicionamiento de la medici\u00f3n multidimensional de la pobreza como herramienta pol\u00edtica mundial.<\/p>\n\n\n\n<p>Cuando escrib\u00eda sobre Sof\u00eda como una figura que \"vuelve una y otra vez, contando una y otra vez para que todos vean el progreso\", pensaba en l\u00edderes como Ana Helena, que dedican su vida a un trabajo sostenido y paciente por la justicia.<\/p>\n\n\n\n<h2 class=\"wp-block-heading\"><strong>Por qu\u00e9 es importante esta historia<\/strong><\/h2>\n\n\n\n<p>Inclu\u00ed a Ana Helena Chac\u00f3n en un lugar destacado de la dedicatoria de mi libro porque su historia encarna el tipo de sabidur\u00eda y compasi\u00f3n que quer\u00eda plasmar en el personaje de Sophia. Ella nos muestra c\u00f3mo la experiencia personal, cuando se canaliza a trav\u00e9s del coraje y la visi\u00f3n, puede crear un cambio transformador que beneficie a millones de personas.<\/p>\n\n\n\n<p>Su viaje desde la defensa de los derechos de su hija hasta revolucionar la medici\u00f3n de la pobreza mundial demuestra que los cambios m\u00e1s poderosos suelen comenzar con las luchas m\u00e1s personales. Al igual que Sophia en mi libro, Ana Helena nos ense\u00f1a que la verdadera sabidur\u00eda no proviene de evitar el dolor, sino de transformarlo en una fuerza para curar a los dem\u00e1s.<\/p>\n\n\n\n<h2 class=\"wp-block-heading\"><strong>Continuar la misi\u00f3n<\/strong><\/h2>\n\n\n\n<p>El 5% de los beneficios de \"The Tiger Trilogy: Las canciones de Sophia\" se destinan a Sophia Oxford, para apoyar la lucha contra la pobreza multidimensional.&nbsp;<\/p>\n\n\n\n<p>Para Sophia me inspir\u00e9 directamente en el ejemplo de Ana Helena Chac\u00f3n, una figura del mundo real que nos demuestra que la sabidur\u00eda, combinada con la acci\u00f3n, puede cambiar el mundo.<\/p>\n\n\n\n<hr class=\"wp-block-separator has-alpha-channel-opacity\"\/>\n\n\n\n<p><em>\"La Trilog\u00eda del Tigre: Las canciones de Sof\u00eda\" est\u00e1 disponible a trav\u00e9s de la editorial Rugido M\u00e1gico, con ilustraciones de Lina Cabrera y traducci\u00f3n al espa\u00f1ol de Viviane Lazard Sobral. Para m\u00e1s informaci\u00f3n, visite RugidoMagico.com.<\/em><\/p>\n\n\n\n<p><\/p>","protected":false},"excerpt":{"rendered":"<p>When I began writing &#8220;The Tiger Trilogy: The Songs of Sophia,&#8221; I knew I wanted to create a character who embodied wisdom, compassion, and the fierce determination to fight injustice. One of the people that I found that inspiration in was Ana Helena Chac\u00f3n Echeverr\u00eda, whose extraordinary life story became one of the driving forces&hellip;&nbsp;<a href=\"https:\/\/rugidomagico.com\/es\/how-ana-helena-chacon-inspired-sophia-in-my-book-the-tiger-trilogy-the-songs-of-sophia\/\" rel=\"bookmark\">Leer m\u00e1s \u00bb<span class=\"screen-reader-text\">C\u00f3mo Ana Helena Chac\u00f3n inspir\u00f3 a Sophia en mi libro \"La Trilog\u00eda del Tigre: Las canciones de Sof\u00eda\"<\/span><\/a><\/p>","protected":false},"author":3,"featured_media":564,"comment_status":"closed","ping_status":"open","sticky":false,"template":"","format":"standard","meta":{"neve_meta_sidebar":"","neve_meta_container":"","neve_meta_enable_content_width":"","neve_meta_content_width":0,"neve_meta_title_alignment":"","neve_meta_author_avatar":"","neve_post_elements_order":"[\"title\",\"meta\",\"content\",\"tags\",\"comments\"]","neve_meta_disable_header":"","neve_meta_disable_footer":"","neve_meta_disable_title":"","footnotes":""},"categories":[1],"tags":[],"class_list":["post-563","post","type-post","status-publish","format-standard","has-post-thumbnail","hentry","category-uncategorized"],"_links":{"self":[{"href":"https:\/\/rugidomagico.com\/es\/wp-json\/wp\/v2\/posts\/563","targetHints":{"allow":["GET"]}}],"collection":[{"href":"https:\/\/rugidomagico.com\/es\/wp-json\/wp\/v2\/posts"}],"about":[{"href":"https:\/\/rugidomagico.com\/es\/wp-json\/wp\/v2\/types\/post"}],"author":[{"embeddable":true,"href":"https:\/\/rugidomagico.com\/es\/wp-json\/wp\/v2\/users\/3"}],"replies":[{"embeddable":true,"href":"https:\/\/rugidomagico.com\/es\/wp-json\/wp\/v2\/comments?post=563"}],"version-history":[{"count":1,"href":"https:\/\/rugidomagico.com\/es\/wp-json\/wp\/v2\/posts\/563\/revisions"}],"predecessor-version":[{"id":565,"href":"https:\/\/rugidomagico.com\/es\/wp-json\/wp\/v2\/posts\/563\/revisions\/565"}],"wp:featuredmedia":[{"embeddable":true,"href":"https:\/\/rugidomagico.com\/es\/wp-json\/wp\/v2\/media\/564"}],"wp:attachment":[{"href":"https:\/\/rugidomagico.com\/es\/wp-json\/wp\/v2\/media?parent=563"}],"wp:term":[{"taxonomy":"category","embeddable":true,"href":"https:\/\/rugidomagico.com\/es\/wp-json\/wp\/v2\/categories?post=563"},{"taxonomy":"post_tag","embeddable":true,"href":"https:\/\/rugidomagico.com\/es\/wp-json\/wp\/v2\/tags?post=563"}],"curies":[{"name":"wp","href":"https:\/\/api.w.org\/{rel}","templated":true}]}}